{"id":1764,"date":"2025-11-27T06:45:25","date_gmt":"2025-11-27T06:45:25","guid":{"rendered":"https:\/\/winetaxonomist.nl\/?p=1764"},"modified":"2025-11-27T06:50:57","modified_gmt":"2025-11-27T06:50:57","slug":"montsant-en-priorat-ruige-natuur-en-prachtige-wijnen","status":"publish","type":"post","link":"https:\/\/winetaxonomist.nl\/?p=1764","title":{"rendered":"Montsant en Priorat: ruige natuur en prachtige wijnen"},"content":{"rendered":"\n<p><strong>Gastschrijver Jon Peter ging deze zomer op vakantie naar Spanje. Nee, niet om van de zon te genieten in Torremolinos of Marbella, maar om een bezoek te brengen aan de prachtige wijnregio\u2019s Montsant en Priorat. In Montsant bezocht hij de wijnco\u00f6peratie Cap\u00e7anes en in Priorat, Gratallops, Sa\u00f3 del Coster.<\/strong>&nbsp;&nbsp;<strong>Hij neemt je even mee\u2026<\/strong> <em>(artikel eerder gepubliceerd op Anne-Wies.nl)<\/em> <\/p>\n\n\n\n<p>Wie wel eens in Priorat of Montsant is geweest weet hoe mooi deze regio.&nbsp; Gelegen ten westen van Tarragona (Cataloni\u00eb) is het goed aan te rijden en de wijn- en olijfolie routes zijn zeer de moeite waard. We rijden in een afwisselend landschap van bergmassief, authentieke Catalaanse dorpen, grijze roodbruine heuvels en mooi aangelegde wandel- en fietspaden. Het is eind augustus en nog steeds goed warm. Hier en daar valt er een regenbuitje aan de kust, wat normaal is voor deze tijd van het jaar. De grote hoos met zomertoeristen is voorbij en vanwege de hete zomer zal de druivenoogst in verschillende wijnregio\u2019s eerder plaatsvinden. We gaan op bezoek bij wijnco\u00f6peratie Cap\u00e7anes in Montsant en Sa\u00f3 del Coster in Gratallops, Priorat.<\/p>\n\n\n<div class=\"wp-block-image\">\n<figure class=\"aligncenter\"><img decoding=\"async\" src=\"https:\/\/www.anne-wies.nl\/wp-content\/uploads\/2025\/11\/Map-Priorat-Montsant-highlight-Spanje-WSG-640x504.jpeg\" alt=\"Map Priorat Montsant highlight Spanje WSG\" class=\"wp-image-74547\"\/><\/figure><\/div>\n\n\n<h1>Cap\u00e7anes Montsant DO<\/h1>\n\n\n\n<p>Laten we nou \u2018s ochtends in Cap\u00e7anes met de neus in de boter vallen. Het is een drukte van belang. Verschillende boeren met tractoren rijden het terrein op in afwachting van het wegen en het lossen van de cari\u00f1ena druiven. De boeren en medewerkers van de wijnco\u00f6peratie schijnen elkaar goed te kennen gezien de opgetogen sfeer. Handen worden geschud en iedereen lijkt zijn rol te kennen over wat er vandaag moet plaatsvinden. Al op 18 augustus is de co\u00f6peratie gestart met de oogst van voornamelijk witte druiven en medio derde week van september zal al het werk erop zitten. We aanschouwen dit samenspel en gaan naar binnen om te kijken of we wat kunnen proeven. Daar worden we vriendelijk onthaald \u2013 we zijn deze ochtend de enige in het proeflokaal. Op de tafel liggen verschillende tijdschriften open met artikelen over Cap\u00e7anes, de wijnen en de wijnmakers.<\/p>\n\n\n<div class=\"wp-block-image\">\n<figure class=\"aligncenter\"><img decoding=\"async\" src=\"https:\/\/www.anne-wies.nl\/wp-content\/uploads\/2025\/11\/Winery-buiten-640x480.jpeg\" alt=\"Winery buiten\" class=\"wp-image-74565\"\/><\/figure><\/div>\n\n<div class=\"wp-block-image\">\n<figure class=\"aligncenter\"><img decoding=\"async\" src=\"https:\/\/www.anne-wies.nl\/wp-content\/uploads\/2025\/11\/Proeflokaal-met-view-kelder-640x426.jpeg\" alt=\"Proeflokaal met view kelder\" class=\"wp-image-74566\"\/><\/figure><\/div>\n\n\n<h1>Montsant &amp; Priorat<\/h1>\n\n\n\n<p>Montsant is een aparte heuvelachtige wijnregio in de comarca Priorat maar maakt geen deel uit van DOQ (DOCa) Priorat. Het heeft sinds 2001 de DO status verkregen en beslaat 1863 ha aan wijngaarden, wat iets minder is dan de DOQ priorat (2196,8 ha). Hiervan is de overgrote meerderheid blauwe druiven (94%) en de rest wit. Veelal wijnstokken van meer dan 100 jaar oud staan verspreid zijn over 16 gemeenten met 54 geregistreerde wijnhuizen. De wijngaarden en gemeenten liggen rondom Priorat als een soort arena. De bodem is ook wat verschillend dan de rood-bruinachtige leisteen bodem in Priorat. In Montsant is meer kalk, zand, leem, graniet en ook leisteen te vinden. De wijnen daarentegen worden wel in de stijl van Priorat gemaakt en zijn de laatste twintig jaar enorm in kwaliteit vooruit gegaan. Door toename van investeringen en kennis van wijnbouw en vinificatietechnieken zijn de wijnen frisser en minder log dan de bulkwijnen van vroeger.<\/p>\n\n\n<div class=\"wp-block-image\">\n<figure class=\"aligncenter\"><img decoding=\"async\" src=\"https:\/\/www.anne-wies.nl\/wp-content\/uploads\/2025\/11\/Map-Priorat-Montsant-WSG-640x897.jpg\" alt=\"Map Priorat-Montsant WSG\" class=\"wp-image-74634\"\/><\/figure><\/div>\n\n\n<h1>De Cap\u00e7anes winery<\/h1>\n\n\n\n<p>De Cap\u00e7anes wijnco\u00f6peratie is vernoemd naar het gelijknamige dorpje Cap\u00e7anes. Circa 100 wijnboeren leveren druiven aan de co\u00f6peratie, die zo\u2019n 80 leden telt. Gezamenlijk bezitten de wijnboeren 200 ha aan wijngaarden. Het bedrijf is in 1933 opgericht door vijf families. Sinds de jaren tachtig en negentig heeft Cap\u00e7anes een omslag gemaakt naar andere wijnstijlen dan de bulkwijnen. Meer moderne technieken van vinificatie worden toegepast om een inhaalslag te maken in kwaliteit. Frissere wijnen en specifieke terroirwijnen, single vinyard-wijnen, wijnen van zeer oude percelen met lage opbrengsten en zelfs met een laag alcoholpercentage. Hier geen luxe gebouwen, maar een functioneel terrein met een afdoende voorzieningen voor de oogst en vinificatie, samen met een kleine 2.000 houtvaten voor de opvoeding.<\/p>\n\n\n\n<h1>Koshere wijn<\/h1>\n\n\n\n<p>In 1995 is men gestart met het maken van koshere wijn op verzoek van, en in eerste instantie voor, de Joodse inwoners van Barcelona. Hiervoor waren een nieuwe infrastructuur, technologie en wijnbereiding nodig waarvoor specifieke medewerkers zijn binnengehaald om aan de \u2018kashroet\u2019 en kwaliteit te voldoen. Deze koshere wijnen mogen Cap\u00e7anes pas verlaten als een kwaliteitscontrole heeft plaatsgevonden en de wijnen zijn voorzien van een zegel. Dit onder toezicht van een rabijn. Internationaal hebben deze wijnen voor een doorbraak gezorgd in de bekendheid en kwaliteit van Cap\u00e7anes. Deze wijnen maken circa 10% uit van de totale productie. Door de aandacht voor deze wijn nam de vraag toe en ook de behoefte aan goed gekwalificeerd personeel zoals de komst van wijnmakers Anne Rovira en Jurgen Wagner.<\/p>\n\n\n<div class=\"wp-block-image\">\n<figure class=\"aligncenter\"><img decoding=\"async\" src=\"https:\/\/www.anne-wies.nl\/wp-content\/uploads\/2025\/11\/Kosjer-640x428.jpeg\" alt=\"Kosjere wijn Montsant\" class=\"wp-image-74631\"\/><\/figure><\/div>\n\n\n<h1>Vrouwelijke wijnmaker<\/h1>\n\n\n\n<p>Anne is gekozen tot beste vrouwelijke wijnmaker van Spanje in 2018 en internationaal behoort ze, volgens het Duitse wijntijdschrift&nbsp; \u2018Selection das Genussmagazin\u2019, tot de drie beste oenoloogen ter wereld. Jurgen is meer de technisch directeur. Dat Anne een vrouwelijke wijnmaker is, was in het begin niet makkelijk vanwege het stigmatiserende karakter van wijnco\u00f6peraties die bulkwijnen maken en de gemiddelde leeftijd rond de 70 van de overwegend masculine wijnboeren die even moesten wennen aan een vrouw als wijnmaker. Inmiddels zijn ze er trots op.<\/p>\n\n\n<div class=\"wp-block-image\">\n<figure class=\"aligncenter\"><img decoding=\"async\" src=\"https:\/\/www.anne-wies.nl\/wp-content\/uploads\/2025\/11\/Jongedame-640x426.jpeg\" alt=\"Wijnmaker Anne\" class=\"wp-image-74632\"\/><\/figure><\/div>\n\n\n<h1>Paniek in de tent<\/h1>\n\n\n\n<p>De wijnen die we proeven zijn verrassend goed. Tijdens het proeven wordt een schuifwand geopend zodat we van de proeftafel de oogstwerkzaamheden buiten kunnen waarnemen. Ik merk dat het druk wordt met meer boeren en zie dat veel tractoren met hun aanhangwagens stil staan. Nadat de eerste druiven in de \u00e9grappoir (ontsteler) zijn verwerkt schijnt de techniek te haperen. De egrappoir loopt vast en er is geen beweging in te krijgen. De stress op het terrein neemt toe en de temperatuur ook zodat een aantal boeren en medewerkers de schaduw opzoekt. Wij proeven rustig door en zien na anderhalf uur een grote vrachtwagen het terrein oprijden die een volledig nieuwe \u00e9grappoir komt brengen.<\/p>\n\n\n<div class=\"wp-block-image\">\n<figure class=\"aligncenter\"><img decoding=\"async\" src=\"https:\/\/www.anne-wies.nl\/wp-content\/uploads\/2025\/11\/Druiven-komen-binnen-640x480.jpeg\" alt=\"Druiven komen binnen\" class=\"wp-image-74635\"\/><\/figure><\/div>\n\n\n<h1>De geproefde wijnen:<\/h1>\n\n\n\n<ul>\n<li><strong>Mas Donis Blanc 2024<\/strong>, is een blend van garnacha blanca (70%) en macabeo (30%). Een frisse strogele wijn, grassig en tropisch fruit met mango en annanas. Mooi afdronk en heerlijke wijn voor op terras of bij salade. De druiven komen van 40 jaar oude stokken.<\/li>\n\n\n\n<li><strong>Peraj Ha\u2019abib 2022<\/strong>&nbsp;(\u2018Flor de primavera\u2019) (kosher) is een blend van cabernet sauvignon, cari\u00f1ena en garnacha. Een aromatischa robijnrode wijn van rood en donker fruit zoals bramen, framboos en kers. Kruidig en 12 maanden rijping op Frans eiken. Zachte tannines met een lange afdronk die niet gaat vervelen. Een werkelijk uitstekende wijn met veel textuur.<\/li>\n\n\n\n<li><strong>Les Taules de Flor en Flor 2023&nbsp;<\/strong>is een blend van garnacha (40%), cabernet sauvignon (40%) en syrah (20%). Deze biologische wijn is dieprood met overheersend rood fruit. Kruidig, rond met zachte tannines. Vergisting op RVS met paar maanden rijping voor de klaring en filtering. Het flor slaat op de bloemen tussen de wijnvelden en de wijn die floraal is gemaakt. Een elegante wijn.<\/li>\n\n\n\n<li><strong>La Flor del Flor 2022 del Primavera\u00a0<\/strong>bestaat uit 100% garnacha en komt van oude wijnstokken. Donker robijnrode kleur en in de neus gestoofd fruit. In de mond jammig, zachte zuren, koffie en gedroogd fruit. Rijpe tannines. Een mooi voorbeeld van een Garnacha wijn. Lange afdronk.<\/li>\n<\/ul>\n\n\n\n<p>Er zijn nog veel meer wijnen te ontdekken bij Cap\u00e7anes en wij zijn onder de indruk van de kwaliteit van deze co\u00f6peratie. Je kunt hier ook een set van vier verschillende wijnen proeven van de verschillende Montsant terroirs zoals klei, zand, leisteen en kalksteen. Deze heb ik apart besteld om binnenkort met mijn proefgroep te proeven.<\/p>\n\n\n<div class=\"wp-block-image\">\n<figure class=\"aligncenter\"><img decoding=\"async\" src=\"https:\/\/www.anne-wies.nl\/wp-content\/uploads\/2025\/11\/JP-proeft-Montsant.png\" alt=\"JP proeft Montsant\" class=\"wp-image-74637\"\/><\/figure><\/div>\n\n\n<p>We verlaten Cap\u00e7anes rond het middaguur want van dat proeven krijg je toch wat trek en we kennen een leuk restaurantje in Falset niet ver hier vandaan.<\/p>\n\n\n\n<h1>Gratallops<\/h1>\n\n\n\n<p>Na een heerlijke luch in de schaduw met een glaasje wijn Lledoner Pelut (Catalaanse harige garnacha variant) bij restaurant Piazza Falset van de Argentijnse eigenaar Guillermo Gallar\u00e1 &nbsp;\u2013 sommelier en gastronoom &nbsp;\u2013 vervolgen we onze weg naar Gratallops. Het dorp ligt op een hoogte van 300m waarvan je een wijds uitzicht hebt op de oplopende wijnvelden rondom die op een hoogte tot circa 550m liggen. Het dorp heeft een klein centrum en voor Spaanse begrippen is het nog goed warm zo vroeg in de middag. Gratallops wordt omgeven door een soort arena waar de zon zeer intens is en klein briesje het nog enigszins aangenaam maakt. We lopen het dorpje in waar een paar toeristen aan de lunch zitten op het pleintje voor de neo-klassieke San Lorenzo kerk uit de 18e eeuw. Mooi decor voor een filmset. Een klein straatje verder zien we een poort van een oud huis open staan dat toegang geeft tot een terras waar van je een prachtig uitzicht hebt op de heuvels.<\/p>\n\n\n\n<h1>Sa\u00f3 del Coster \u2013 een warme ontvangst<\/h1>\n\n\n\n<p>Sa\u00f3 del Coster is een klein biodynamisch wijnbedrijf dat in 2004 is opgericht door een aantal vrienden. We hebben ons bezoek niet aangekondigd en lopen het terras op waar we spontaan welkom worden geheten door, zo blijkt, de vrouw van eigenaar Patrick Pochon. Zo te zien zijn er geen wijntoeristen en we vragen of iets kunnen proeven. Ze roept haar man en intussen raken we met haar in gesprek waarbij een kaasplankje wordt gehaald en een paar wijnglazen. Zij vertelt dat ze oorspronkelijk uit Canada komt en haar man uit Zwitserland. Ik vertel haar dat mijn voorouders van moeders kant uit Zwitserland, uit de regio Zurich komen. Vanaf het terras vertel ze dat aan Patrick die net komt aangelopen met een paar wijnflessen. Het schept meteen een band. Wat een heerlijke ongeplande gastvrijheid en vriendelijkheid!<\/p>\n\n\n<div class=\"wp-block-image\">\n<figure class=\"aligncenter\"><img decoding=\"async\" src=\"https:\/\/www.anne-wies.nl\/wp-content\/uploads\/2025\/11\/Sao-del-costes.png\" alt=\"Sao del costes\" class=\"wp-image-74650\"\/><\/figure><\/div>\n\n\n<h1>Sa\u00f3 del Coster \u2013 de wijnen<\/h1>\n\n\n\n<p>We proeven eerst de instap-wijn Pim Pam Poom 2021 van Sa\u00f3 del Coster van 100% garnacha, nummer 3213 van een oplage van 4000. Als dit de instapwijn is ben ik zeer benieuwd wat daarna nog komt. Patrick vraagt of we zin hebben de wijnkelder te bezoeken en nog wat anders te proeven. Hij had in de morgen wat Amerikanen op bezoek gehad en leek te genieten om in kleiner commit\u00e9 zijn verhaal te vertellen en de achtergronden van Sa\u00f3 del Coster. \u201cIk ben een wijnliefhebber en zakenman en dacht: waarom ga ik niet van mijn liefhebberij wijn maken ipv zelf opdrinken\u201d vertelt hij terwijl we vanaf het terras afdalen in de wijnkelder. Daar vindt een gekoelde fermentatie in rvs plaats van de eerste syrah pluk. Hij pakt een houten stok bij het eerste wijnvat om door \u2018pig\u00e9age\u2019 de hoed onder te dompelen in de most. In het vat ligt een ijscan die de nodige koeling brengt om het fruit, de zuren en het tannine te reguleren.<\/p>\n\n\n<div class=\"wp-block-image\">\n<figure class=\"aligncenter\"><img decoding=\"async\" src=\"https:\/\/www.anne-wies.nl\/wp-content\/uploads\/2025\/11\/Sao-del-coster-Priorat-wijnkelder.png\" alt=\"Sao del coster Priorat wijnkelder\" class=\"wp-image-74658\"\/><\/figure><\/div>\n\n\n<p>We krijgen een voorproefje en het smaakt heerlijk: gekoeld, wat zoetig en kruidig. Hij is wars van wijnbezoekers en mogelijke business-lui die alleen maar willen weten over de afzetmarkt en de prijs en niet het vele werk en de liefde voor het vak beseffen. Hij doet het niet voor het geld. Niet dat hij een afkeer heeft van verdienen maar het moet leuk en gepassioneerd blijven. \u201cLiever op het terras met vrienden en wijnkenners de wijnen jaarlijks waarderen en op de markt brengen dan grote sales events en onnodige stress.\u201d Hij zegt dat hij zijn droom, met alle uitdagingen van dien, heeft waargemaakt: verhuizen naar Gratallops en wijnboer worden. Dit zegt hij terwijl hij met een wijde armbeweging over de wijnvelden gebaart vanaf zijn terras. \u201cDit uitzicht gaat nooit vervelen. Zeker ook \u2018s avonds als de maan opkomt over de wijnvelden terwijl je geniet van je eigen wijn. Ga het ook doen als je kan, er is nog het een en ander te koop. En als het mogelijk is, schaf een oud perceel aan en brengt dat weer tot leven\u201d.<\/p>\n\n\n\n<blockquote class=\"wp-block-quote\">\n<p><em>\u2018Costers\u2019 zijn \u2018steile hellingen\u2019 in het Catalaans met de bekende leisteengronden die daar \u2018Llicorella\u2019 heten. Het terroir bestaat uit verweerd rood bruinachtig of zelfs donkergrijs leisteen met micadeeltjes die de zon weerkaatsen. Een zeer arme bodem waar de wortels kracht moeten leveren om aan water en voedingstoffen te komen. Ze geven de wijnen diepgang en mineraliteit. De opbrengsten zijn in combinatie met de steile hellingen, oude wijnstokken en handmatige oogst, zeer laag. Dit is ook mede bepalend waarom wijnen uit Priorat niet op het laagste schap in de supermarkt staan. Als je ze er \u00fcberhaupt kunt vinden\u2026&nbsp;<\/em><\/p>\n<\/blockquote>\n\n\n\n<p>We dalen in de wijnkelder verder af en proeven nog wat wijnen.<\/p>\n\n\n\n<ul>\n<li><strong>Pim Pam Poom 2021<\/strong>, 100% garnacha van jonge wijnvelden op klei en leisteen terroir. Het is de instapwijn van het huis. De druiven zijn handmatig geselecteerd en de fermentatie vindt plaats in rvs met 4 maanden rijping op de lie. Rood fruit, framboos, kers, braam, minerale tonen. Frisse zachte rode wijn.<\/li>\n\n\n\n<li><strong>\u201cS\u201d de Sa\u00f3 del Coster 2021<\/strong>, een blend van 55% garnacha, 40% cari\u00f1ena en 5% syrah. De druiven komen ook van jongere wijnvelden tussen de 280 en 400 hoogte van de bekende Llicorella bodem en zijn handmatig geselecteerd. Fermentatie en rijping van 11 maanden vindt plaats in rvs met natuurlijke gisten. Vol, rijp donker fruit, kruidig, mineralig maar toch frisse smaak.<\/li>\n\n\n\n<li><strong>Terram 2017<\/strong>, een blend van 60% garnacha, 25% cari\u00f1ena, 10% cabernet sauvignon en 5% syrah. De druiven komen van single vinyard Planassos (llicorella). Fermentatie vindt ook in rvs plaats waarna de wijn 18 maanden in oud (80%) en nieuwe (20%) vaten van Frans eiken rijpt. Het maakt deze krachtige en complexe wijn wat zachter. Met namen rijp fruit van blauwe en zwarte bes, kers, kruidig met tonen van vanille en kaneel. Intense bijzondere wijn met rijpe tannine.<\/li>\n\n\n\n<li><strong>Planasos 2016<\/strong>, 100% samso (cari\u00f1ena\/mazuelo) van oude wijnvelden op stijle hellingen die zuidwaarts liggen. Volledig biodynamisch. De druiven worden handmatig geselecteerd en circa 2 dagen eerst gekoeld (pre maceratie) om de frisheid te behouden. Daarna vindt de fermentatie en maceratie plaats op 28 graden in rvs voor 3 weken met natuurlijke gisten. De rijping duurt 18 maanden op Frans eiken met regelmatige battonage. Zeer intens en elegant. Warm en rijp fruit, kruidig en mineralig met wat balsamico en ook wat koffie likeur. Lange afdronk en een waar genot deze wijn die, met de Pujada, toch wel de signature wijnen zijn van Sa\u00f3 del Coster. Niet goedkoop en kan nog jaren verder rijpen. Ik zou deze wel even karafferen en minimaal een half uur laten luchten. Oplage van 4500 flessen.<\/li>\n\n\n\n<li><strong>La Pujada 2015<\/strong>, ook 100% samso (cari\u00f1ena\/mazuelo). Het vlaggenschip van Sa\u00f3 del Coster. De druiven komen van een oud wijnplot (1927) van 1 hectare in La Villella Baixa op een helling van notabene 45 graden. De bodem bestaat uit verfijnd Llicorrella met ijzer en mica en wordt biodynamisch onderhouden. Als alternatief voor pesticiden wordt af en toe chili- of cayennepeper gebruikt tegen mogelijke beestjes. Ook hier zijn de druiven handmatig geoogst en geselecteerd. Wederom koude pre-maceratie in 500 rvs litervaten voor 3 weken met natuurlijke gisten. Daarna 18 maanden rijping op Franks eiken van 225 liter. De vaten zijn wel eerder gebruikt zodat de wijn niet te harde tannines krijgt. Oplage van 850 flessen totaal. Een complexe en intense volle wijn van tonen van rijp donker fruit, kruidig, tabak en ronde tannine. Kan nog jaren liggen.<\/li>\n<\/ul>\n\n\n<div class=\"wp-block-image\">\n<figure class=\"aligncenter\"><img decoding=\"async\" src=\"https:\/\/www.anne-wies.nl\/wp-content\/uploads\/2025\/11\/Patrick-wijnflessen-kelder-640x853.jpeg\" alt=\"Patrick wijnflessen kelder\" class=\"wp-image-74657\"\/><\/figure><\/div>\n\n\n<blockquote class=\"wp-block-quote\">\n<p>De naam Sa\u00f3 del Coster stamt oorspronkelijk af van een oud wijnplot dat weer tot leven is gewekt. Het staat ook echt synoniem voor dit wijnhuis dat de nodige uitdagingen heeft gekend. Het is zelfs zo goed als failliet geweest en heeft te maken heeft gehad met onenigheid met medeoprichter Freddy Torres die er in 2018 uit is gestapt. Sindsdien werkt de andere oprichter J\u00f6el Chevallaz samen met Patrick Pochon en oenoloog Sonia Blasco Martinez om het bedrijf wederop te richten. Dat doe ze met een biodynamische signature waarbij de maankalender wordt gevolgd en de natuur voornamelijke haar gang moet gaan.<\/p>\n<\/blockquote>\n\n\n\n<p>Na anderhalf uur komen er meer bezoekers aan. Een Amerikaan die in de morgenproeverij niet kon participeren maar graag nog wat wil proeven. Patrick haast zich echter niet gelijk naar boven maar laat ons de laatste wijn proeven. Uiteraard schaf ik van elke wijn wat aan en bedank hem voor deze enerverende ervaring. In het najaar gaat hij met vrienden en andere wijnkenners de stijlen en smaken bepalen voor de volgende wijnen. Ik zie me daar graag deel van uit maken en laat m\u2019n kaartje in alle bescheidenheid achter.<\/p>\n\n\n\n<blockquote class=\"wp-block-quote\"><div class=\"wp-block-image\">\n<figure class=\"aligncenter\"><img decoding=\"async\" src=\"https:\/\/www.anne-wies.nl\/wp-content\/uploads\/2025\/11\/doq-priorat-logo-300x93.png\" alt=\"doq-priorat-logo\" class=\"wp-image-74654\"\/><\/figure><\/div>\n\n\n<p>Priorat is, samen met Rioja, bekend als de enige twee regio\u2019s die het DOCa, het hoogste kwaliteitslabel voor Spaanse wijnen, mogen voeren en dat is niet voor niks. De wijnen uit Priorat DOQ (in Catalaans: Denominaci\u00f3 d\u2019Origen Qualificada) voldoen aan de hoogste kwaliteitsnormen sinds de toekenning in 2000 na Rioja DOCa in 1991. Er zijn 511 wijnhuizen actief, verdeeld over 12 gemeenten en de meeste aanplant bestaat, net als in Montsant, uit de blauwe vari\u00ebteiten garnacha en cari\u00f1ena.<\/p>\n<\/blockquote>\n\n\n\n<h1>Gang of Five<\/h1>\n\n\n\n<p>Op de terugweg naar ons hotel in Tarragona moet ik dit alles even in stilte de revue laten passeren wat leidt tot heerlijk filosoferen \u2018s avonds tijdens een dinertje bij de gastronomische wijnbar Espai Vi op het Placa del Forum van Tarragona. Wel met een flesje Camins del Priorat 2022 van niet minder dan \u00e9\u00e9n van de beste wijnmakers van Spanje: Alvares Palacios. Hij komt oorspronkelijk uit Rioja en is ook \u00e9\u00e9n van de vijf wijnproductenten (Gang of Five) die Priorat op de kaart hebben gezet. De \u201cGang of Five\u201d is een groep van vijf wijnmakers Ren\u00e9 Barbier (<a href=\"https:\/\/www.anne-wies.nl\/clos-mogador-priorat-spanje\/\" target=\"_blank\" rel=\"noreferrer noopener\">Clos Mogador<\/a>), \u00c1lvaro Palacios (o.a. L\u2019Ermita), Daphne Glorian (Clos Erasmus), Josep LI P\u00e9rez (Clos Martinet) en Carles Pastrana (Clos de l\u2019Obac) die de Priorat-regio in Spanje in jaren \u201980 \u2013 \u201990 nieuw leven inbliezen met de productie van moderne wijnen van topkwaliteit.&nbsp;<\/p>\n\n\n\n<p><a target=\"_blank\" rel=\"noreferrer noopener\" href=\"https:\/\/www.anne-wies.nl\/clos-mogador-priorat-spanje\/\">Lees hier over het bezoek van Anne-Wies (te) lang geleden aan Clos Mogador<\/a><\/p>\n\n\n\n<p><img decoding=\"async\" loading=\"lazy\" src=\"https:\/\/www.anne-wies.nl\/wp-content\/uploads\/2025\/11\/Wijn-Camins-del-Priorat-640x853.jpeg\" alt=\"Wijn Camins del Priorat\" width=\"640\" height=\"853\" srcset=\"https:\/\/www.anne-wies.nl\/wp-content\/uploads\/2025\/11\/Wijn-Camins-del-Priorat-15x20.jpeg 15w, https:\/\/www.anne-wies.nl\/wp-content\/uploads\/2025\/11\/Wijn-Camins-del-Priorat-200x267.jpeg 200w, https:\/\/www.anne-wies.nl\/wp-content\/uploads\/2025\/11\/Wijn-Camins-del-Priorat-225x300.jpeg 225w, https:\/\/www.anne-wies.nl\/wp-content\/uploads\/2025\/11\/Wijn-Camins-del-Priorat-400x533.jpeg 400w, https:\/\/www.anne-wies.nl\/wp-content\/uploads\/2025\/11\/Wijn-Camins-del-Priorat-600x800.jpeg 600w, https:\/\/www.anne-wies.nl\/wp-content\/uploads\/2025\/11\/Wijn-Camins-del-Priorat-640x853.jpeg 640w, https:\/\/www.anne-wies.nl\/wp-content\/uploads\/2025\/11\/Wijn-Camins-del-Priorat.jpeg 768w\"><\/p>\n\n\n\n<p id=\"caption-attachment-74655\">Deze wijn is een aromatische, expressieve zijdezachte kruidige blend van cabernet sauvignon, garnacha, cari\u00f1ena en syrah die uitstekend past bij een gerecht van \u2018chuleta vaca madurada\u2019- gerijpte c\u00f4te de boeuf.<\/p>\n\n\n\n<h1>Priorat en Montsant, een bezoekje waard<\/h1>\n\n\n\n<p>Priorat en Montsant zijn zeer de moeite waard om te bezoeken. Even weg van de kust en het drukke toerisme kan je hier genieten van de gastronomische cultuur, natuur, prachtige vergezichten en mooie wijnen. Priorat als wijnregio heeft zo\u2019n beetje een cultstatus verworven en trekt verschillende pioniers, ondernemers en vrijdenkers. Het is gemakkelijk aan te rijden vanaf Barcelona of Tarragona of als je wilt via een vlucht op Reus of Barcelona. Ga in het voor- of naseizoen en je komt niet bedrogen uit.<\/p>\n\n\n\n<p><a target=\"_blank\" rel=\"noreferrer noopener\" href=\"https:\/\/www.anne-wies.nl\/wijn-spijs-nieuwsbrief\/\">Geen enkel culinair \u2013 wijn \u2013 travel nieuwtje missen? Schrijf je dan hier in voor onze wekelijkse nieuwsbrief!<\/a><\/p>\n\n\n\n<p><a href=\"http:\/\/www.cellercapcanes.com\/en\/\" target=\"_blank\" rel=\"noreferrer noopener\">www.cellercapcanes.com\/en\/<\/a><\/p>\n\n\n\n<p><a href=\"http:\/\/www.saudelcoster.es\/en\" target=\"_blank\" rel=\"noreferrer noopener\">www.saudelcoster.es\/en<\/a><\/p>\n\n\n\n<p><a href=\"https:\/\/www.turismepriorat.org\/en\">https:\/\/www.turismepriorat.org\/en<\/a><\/p>\n\n\n\n<p><a href=\"https:\/\/www.domontsant.com\/\">https:\/\/www.domontsant.com\/<\/a><\/p>\n\n\n\n<figure class=\"wp-block-embed is-type-wp-embed is-provider-consell-regulador-de-la-doq-priorat wp-block-embed-consell-regulador-de-la-doq-priorat\"><div class=\"wp-block-embed__wrapper\">\n<blockquote class=\"wp-embedded-content\" data-secret=\"xGTiyoOObO\"><a href=\"https:\/\/www.doqpriorat.org\/en\/\">Home<\/a><\/blockquote><iframe class=\"wp-embedded-content\" sandbox=\"allow-scripts\" security=\"restricted\" style=\"position: absolute; clip: rect(1px, 1px, 1px, 1px);\" title=\"&#8220;Home&#8221; &#8212; Consell Regulador de la DOQ Priorat\" src=\"https:\/\/www.doqpriorat.org\/en\/embed\/#?secret=e8Eu6QjAGz#?secret=xGTiyoOObO\" data-secret=\"xGTiyoOObO\" width=\"600\" height=\"338\" frameborder=\"0\" marginwidth=\"0\" marginheight=\"0\" scrolling=\"no\"><\/iframe>\n<\/div><\/figure>\n\n\n\n<p><\/p>\n\n\n\n<p>*Jon Peter van den Oever is registervinoloog\u00ae, informatiewetenschapper en IT-er en heeft een consultancybureau om kennis digitaal toegankelijker te maken. Als wijnliefhebber deelt hij zijn ervaringen op\u00a0<a rel=\"noreferrer noopener\" href=\"https:\/\/www.instagram.com\/winetaxonomist\/\" target=\"_blank\">Instagram<\/a>\u00a0en\u00a0<a rel=\"noreferrer noopener\" href=\"http:\/\/www.winetaxonomist.com\/\" target=\"_blank\">The Wine Taxonomist<\/a>. Lees\u00a0<a rel=\"noreferrer noopener\" href=\"https:\/\/www.anne-wies.nl\/?s=%23jp\" target=\"_blank\">hier<\/a>\u00a0alle artikelen van Jon Peter.<br><\/p>\n\n\n\n<p><\/p>\n","protected":false},"excerpt":{"rendered":"<p>Gastschrijver Jon Peter ging deze zomer op vakantie naar Spanje. Nee, niet om van de zon te genieten in Torremolinos [&hellip;]<\/p>\n","protected":false},"author":1,"featured_media":1765,"comment_status":"open","ping_status":"open","sticky":false,"template":"","format":"standard","meta":[],"categories":[1],"tags":[],"_links":{"self":[{"href":"https:\/\/winetaxonomist.nl\/index.php?rest_route=\/wp\/v2\/posts\/1764"}],"collection":[{"href":"https:\/\/winetaxonomist.nl\/index.php?rest_route=\/wp\/v2\/posts"}],"about":[{"href":"https:\/\/winetaxonomist.nl\/index.php?rest_route=\/wp\/v2\/types\/post"}],"author":[{"embeddable":true,"href":"https:\/\/winetaxonomist.nl\/index.php?rest_route=\/wp\/v2\/users\/1"}],"replies":[{"embeddable":true,"href":"https:\/\/winetaxonomist.nl\/index.php?rest_route=%2Fwp%2Fv2%2Fcomments&post=1764"}],"version-history":[{"count":5,"href":"https:\/\/winetaxonomist.nl\/index.php?rest_route=\/wp\/v2\/posts\/1764\/revisions"}],"predecessor-version":[{"id":1770,"href":"https:\/\/winetaxonomist.nl\/index.php?rest_route=\/wp\/v2\/posts\/1764\/revisions\/1770"}],"wp:featuredmedia":[{"embeddable":true,"href":"https:\/\/winetaxonomist.nl\/index.php?rest_route=\/wp\/v2\/media\/1765"}],"wp:attachment":[{"href":"https:\/\/winetaxonomist.nl\/index.php?rest_route=%2Fwp%2Fv2%2Fmedia&parent=1764"}],"wp:term":[{"taxonomy":"category","embeddable":true,"href":"https:\/\/winetaxonomist.nl\/index.php?rest_route=%2Fwp%2Fv2%2Fcategories&post=1764"},{"taxonomy":"post_tag","embeddable":true,"href":"https:\/\/winetaxonomist.nl\/index.php?rest_route=%2Fwp%2Fv2%2Ftags&post=1764"}],"curies":[{"name":"wp","href":"https:\/\/api.w.org\/{rel}","templated":true}]}}